{"id":3414,"date":"2024-03-13T14:11:47","date_gmt":"2024-03-13T13:11:47","guid":{"rendered":"https:\/\/www.ms-podlipou.cz\/?p=3414"},"modified":"2025-01-23T09:25:58","modified_gmt":"2025-01-23T08:25:58","slug":"zdrava-skolni-jidelna","status":"publish","type":"post","link":"https:\/\/www.ms-podlipou.cz\/index.php\/2024\/03\/13\/zdrava-skolni-jidelna\/","title":{"rendered":"Zdrav\u00e1 \u0161koln\u00ed j\u00eddelna"},"content":{"rendered":"\n<p>\u0160koln\u00ed j\u00eddelna na\u0161\u00ed M\u0160 se zapojila do projektu ZDRAV\u00c1 \u0160KOLN\u00cd J\u00cdDELNA.<\/p>\n\n\n\n<h2 class=\"wp-block-heading\">10 krit\u00e9ri\u00ed Zdrav\u00e9 \u0161koln\u00ed j\u00eddelny<\/h2>\n\n\n\n<ol class=\"wp-block-list\">\n<li>Z pyramidy na tal\u00ed\u0159 \u2013 jednoduch\u00e9 z\u00e1sady spr\u00e1vn\u00e9 v\u00fd\u017eivy v praxi <\/li>\n\n\n\n<li>Pestr\u00fd j\u00eddeln\u00ed l\u00edstek s ka\u017edodenn\u00ed nab\u00eddkou neslazen\u00fdch n\u00e1poj\u016f (sestaven\u00fd dle Nutri\u010dn\u00edho doporu\u010den\u00ed Ministerstva zdravotnictv\u00ed \u010cR ke spot\u0159ebn\u00edmu ko\u0161i)<\/li>\n\n\n\n<li>Spr\u00e1vn\u00e9 a bezchybn\u00e9 veden\u00ed spot\u0159ebn\u00edho ko\u0161e<\/li>\n\n\n\n<li>\u010cerstv\u00e9 a sez\u00f3nn\u00ed potraviny jsou z\u00e1kladem pokrm\u016f<\/li>\n\n\n\n<li>St\u0159\u00eddm\u00e9 solen\u00ed s ohledem na d\u011btsk\u00e9ho str\u00e1vn\u00edka<\/li>\n\n\n\n<li>Omezen\u00ed pou\u017e\u00edv\u00e1n\u00ed dochucovadel a instantn\u00edch dehydratovan\u00fdch sm\u011bs\u00ed<\/li>\n\n\n\n<li>Podpora n\u00e1rodn\u00edch tradic a region\u00e1ln\u00edch zvyklost\u00ed, seznamov\u00e1n\u00ed s mezin\u00e1rodn\u00ed kuchyn\u00ed<\/li>\n\n\n\n<li>Pravideln\u00e9 vzd\u011bl\u00e1v\u00e1n\u00ed person\u00e1lu \u0161koln\u00ed j\u00eddelny<\/li>\n\n\n\n<li>Zvy\u0161ov\u00e1n\u00ed v\u00fd\u017eivov\u00e9 gramotnosti a podpora spr\u00e1vn\u00fdch stravovac\u00edch n\u00e1vyk\u016f d\u011bt\u00ed<\/li>\n\n\n\n<li>Prezentace \u0161koln\u00ed j\u00eddelny a podpora komunikace s pedagogy, d\u011btmi a rodi\u010di<br><br><\/li>\n<\/ol>\n\n\n\n<p>V\u00edce na: <a href=\"http:\/\/www.zdravaskolnijidelna.cz\">http:\/\/www.zdravaskolnijidelna.cz<\/a><\/p>\n","protected":false},"excerpt":{"rendered":"<p>\u0160koln\u00ed j\u00eddelna na\u0161\u00ed M\u0160 se zapojila do projektu ZDRAV\u00c1 \u0160KOLN\u00cd J\u00cdDELNA. 10 krit\u00e9ri\u00ed Zdrav\u00e9 \u0161koln\u00ed j\u00eddelny V\u00edce na: http:\/\/www.zdravaskolnijidelna.cz<\/p>\n","protected":false},"author":2,"featured_media":0,"comment_status":"closed","ping_status":"open","sticky":false,"template":"","format":"standard","meta":{"footnotes":""},"categories":[21,20],"tags":[],"class_list":["post-3414","post","type-post","status-publish","format-standard","hentry","category-aktuality","category-jidelna"],"_links":{"self":[{"href":"https:\/\/www.ms-podlipou.cz\/index.php\/wp-json\/wp\/v2\/posts\/3414","targetHints":{"allow":["GET"]}}],"collection":[{"href":"https:\/\/www.ms-podlipou.cz\/index.php\/wp-json\/wp\/v2\/posts"}],"about":[{"href":"https:\/\/www.ms-podlipou.cz\/index.php\/wp-json\/wp\/v2\/types\/post"}],"author":[{"embeddable":true,"href":"https:\/\/www.ms-podlipou.cz\/index.php\/wp-json\/wp\/v2\/users\/2"}],"replies":[{"embeddable":true,"href":"https:\/\/www.ms-podlipou.cz\/index.php\/wp-json\/wp\/v2\/comments?post=3414"}],"version-history":[{"count":1,"href":"https:\/\/www.ms-podlipou.cz\/index.php\/wp-json\/wp\/v2\/posts\/3414\/revisions"}],"predecessor-version":[{"id":3415,"href":"https:\/\/www.ms-podlipou.cz\/index.php\/wp-json\/wp\/v2\/posts\/3414\/revisions\/3415"}],"wp:attachment":[{"href":"https:\/\/www.ms-podlipou.cz\/index.php\/wp-json\/wp\/v2\/media?parent=3414"}],"wp:term":[{"taxonomy":"category","embeddable":true,"href":"https:\/\/www.ms-podlipou.cz\/index.php\/wp-json\/wp\/v2\/categories?post=3414"},{"taxonomy":"post_tag","embeddable":true,"href":"https:\/\/www.ms-podlipou.cz\/index.php\/wp-json\/wp\/v2\/tags?post=3414"}],"curies":[{"name":"wp","href":"https:\/\/api.w.org\/{rel}","templated":true}]}}